{"id":5584,"date":"2021-09-18T12:21:29","date_gmt":"2021-09-18T12:21:29","guid":{"rendered":"https:\/\/icent.hr\/noviweb\/?p=5584"},"modified":"2021-09-18T12:52:05","modified_gmt":"2021-09-18T12:52:05","slug":"terenski-posjet-pokusnim-povrsinama-slavonije-pod-proizvodnjom-psenice-9-10-3-2021","status":"publish","type":"post","link":"https:\/\/icent.fer.unizg.hr\/en\/2021\/09\/18\/terenski-posjet-pokusnim-povrsinama-slavonije-pod-proizvodnjom-psenice-9-10-3-2021\/","title":{"rendered":"Terenski posjet pokusnim povr\u0161inama Slavonije pod proizvodnjom p\u0161enice 9. &#8211; 10. 3. 2021."},"content":{"rendered":"\n<p>Po\u010detkom o\u017eujka 2021. AgroSPARC projektni tim sudjelovao je u terenskom istra\u017eivanju i sastancima s predstavnicima poduze\u0107a VUPIK plus d.o.o. (Vukovar), BASF Croatia d.o.o. (Ilok) i Axereal Croatia d.o.o. (Nova Gradi\u0161ka) u vezi utjecaja klimatskih promjena na proizvodnju p\u0161enice.<\/p>\n\n\n\n<p>Tijekom posjeta \u010dlanovi projektnog tima imali su priliku detaljnije se upoznati sa svim aspektima proizvodnje p\u0161enice od pripreme tla, sjetve, zriobe, \u017eetve pa do skladi\u0161tenja. Razgovaralo se o utjecaju meteorolo\u0161kih prilika u pojedinim fazama uzgoja, istaknute su specifi\u010dnosti i potrebe proizvo\u0111a\u010da p\u0161enice te su uspostavljeni temelji budu\u0107e suradnje s ciljem pove\u0107anja primjenjivosti rezultata dobivenih kroz projekt AgroSPARC.<\/p>\n\n\n\n<figure class=\"wp-block-image size-full\"><a href=\"https:\/\/icent.hr\/noviweb\/wp-content\/uploads\/2021\/09\/ilok1.jpg\"><img loading=\"lazy\" decoding=\"async\" width=\"1291\" height=\"706\" src=\"https:\/\/icent.hr\/noviweb\/wp-content\/uploads\/2021\/09\/ilok1.jpg\" alt=\"\" class=\"wp-image-5589\" srcset=\"https:\/\/icent.fer.unizg.hr\/en\/wp-content\/uploads\/2021\/09\/ilok1.jpg 1291w, https:\/\/icent.fer.unizg.hr\/en\/wp-content\/uploads\/2021\/09\/ilok1-300x164.jpg 300w, https:\/\/icent.fer.unizg.hr\/en\/wp-content\/uploads\/2021\/09\/ilok1-1024x560.jpg 1024w, https:\/\/icent.fer.unizg.hr\/en\/wp-content\/uploads\/2021\/09\/ilok1-768x420.jpg 768w\" sizes=\"auto, (max-width: 1291px) 100vw, 1291px\" \/><\/a><\/figure>\n","protected":false},"excerpt":{"rendered":"<p>Po\u010detkom o\u017eujka 2021. AgroSPARC projektni tim sudjelovao je u terenskom istra\u017eivanju i sastancima s predstavnicima poduze\u0107a VUPIK plus d.o.o. (Vukovar), BASF Croatia d.o.o. (Ilok) i Axereal Croatia d.o.o. (Nova Gradi\u0161ka) u vezi utjecaja klimatskih promjena na proizvodnju p\u0161enice. Tijekom posjeta \u010dlanovi projektnog tima imali su priliku detaljnije se upoznati sa svim aspektima proizvodnje p\u0161enice od&hellip;<\/p>\n","protected":false},"author":1,"featured_media":5587,"comment_status":"closed","ping_status":"closed","sticky":false,"template":"","format":"standard","meta":{"footnotes":""},"categories":[48],"tags":[],"class_list":["post-5584","post","type-post","status-publish","format-standard","has-post-thumbnail","hentry","category-agrosparc","category-48","description-off"],"_links":{"self":[{"href":"https:\/\/icent.fer.unizg.hr\/en\/wp-json\/wp\/v2\/posts\/5584","targetHints":{"allow":["GET"]}}],"collection":[{"href":"https:\/\/icent.fer.unizg.hr\/en\/wp-json\/wp\/v2\/posts"}],"about":[{"href":"https:\/\/icent.fer.unizg.hr\/en\/wp-json\/wp\/v2\/types\/post"}],"author":[{"embeddable":true,"href":"https:\/\/icent.fer.unizg.hr\/en\/wp-json\/wp\/v2\/users\/1"}],"replies":[{"embeddable":true,"href":"https:\/\/icent.fer.unizg.hr\/en\/wp-json\/wp\/v2\/comments?post=5584"}],"version-history":[{"count":3,"href":"https:\/\/icent.fer.unizg.hr\/en\/wp-json\/wp\/v2\/posts\/5584\/revisions"}],"predecessor-version":[{"id":5591,"href":"https:\/\/icent.fer.unizg.hr\/en\/wp-json\/wp\/v2\/posts\/5584\/revisions\/5591"}],"wp:featuredmedia":[{"embeddable":true,"href":"https:\/\/icent.fer.unizg.hr\/en\/wp-json\/wp\/v2\/media\/5587"}],"wp:attachment":[{"href":"https:\/\/icent.fer.unizg.hr\/en\/wp-json\/wp\/v2\/media?parent=5584"}],"wp:term":[{"taxonomy":"category","embeddable":true,"href":"https:\/\/icent.fer.unizg.hr\/en\/wp-json\/wp\/v2\/categories?post=5584"},{"taxonomy":"post_tag","embeddable":true,"href":"https:\/\/icent.fer.unizg.hr\/en\/wp-json\/wp\/v2\/tags?post=5584"}],"curies":[{"name":"wp","href":"https:\/\/api.w.org\/{rel}","templated":true}]}}